{"id":5449,"date":"2021-04-16T10:00:53","date_gmt":"2021-04-16T08:00:53","guid":{"rendered":"https:\/\/www.figurentheaterfestival.de\/?p=5449"},"modified":"2021-05-16T13:40:18","modified_gmt":"2021-05-16T11:40:18","slug":"pressemitteilungen","status":"publish","type":"post","link":"https:\/\/www.figurentheaterfestival.de\/pressemitteilungen\/","title":{"rendered":"pressemitteilungen"},"content":{"rendered":"<div style=\"width:30%;float:right;margin-left:20px;background:#fff;padding:5px 20px\"><b>Downloads<\/b><br><br><ul class=\"unstyled margin-top:5px\"><li style=\"margin-bottom:8px\"><a href=\"https:\/\/www.figurentheaterfestival.de\/wp-content\/uploads\/2021\/05\/PMIntFigurenTheaterFestival_210516.pdf\" target=\"_new\" class=\"blank\">Pressemitteilung 16.05.2021 \u2013 Festivalbilanz \u2013 22. internationales figuren.theater.festival<\/a><li><li style=\"margin-bottom:8px\"><a href=\"https:\/\/www.figurentheaterfestival.de\/wp-content\/uploads\/2021\/04\/PMIntFigurenTheaterFestival_210506.pdf\" target=\"_new\" class=\"blank\">Pressemitteilung 06.05.2021 \u2013 Festivalstart \u2013 22. internationales figuren.theater.festival<\/a><li><li style=\"margin-bottom:8px\"><a href=\"https:\/\/www.figurentheaterfestival.de\/wp-content\/uploads\/2021\/04\/PMIntFigurenTheaterFestival_210416.pdf\" target=\"_new\" class=\"blank\">Pressemitteilung 16.04.2021 \u2013 Umfangreiches Digitalprogramm \u2013 22. internationales figuren.theater.festival<\/a><li><\/ul><\/div><p style=\"text-align: left;\">Auf dieser Seite finden Sie die aktuellen Presseinformationen zum 22. internationalen figuren.theater.festival 2021. Wenn Sie weitere Informationen w\u00fcnschen oder unsere Pressemitteilungen in Zukunft erhalten m\u00f6chten, teilen Sie uns dies bitte per E-Mail an presse[at]figurentheaterfestival.de mit. Bitte geben Sie Ihren Namen, Ihr Medium oder Unternehmen, Ihre Postanschrift, Telefon- und Faxnummer mit an.<\/p>\n<hr \/>\n<p style=\"text-align: left;\">Erlangen, N\u00fcrnberg, F\u00fcrth, 16. Mai 2021<br \/>\nPresseinformation<\/p>\n<p style=\"text-align: left;\">figuren objekte bilder<br \/>\n<strong>22. internationales figuren.theater.festival<br \/>\nErlangen N\u00fcrnberg F\u00fcrth<br \/>\n<\/strong>7. bis 16. Mai 2021<\/p>\n<h3><strong>Bilanz<\/strong><\/h3>\n<p><strong>\u201eDas, was wir machen, ist das Eigentliche\u201c<br \/>\n<\/strong><strong>Deutschlands gr\u00f6\u00dftes Festival f\u00fcr zeitgen\u00f6ssisches Figuren-, Bilder- und Objekttheater lotete <\/strong><strong>10 Tage lang die M\u00f6glichkeiten und Perspektiven des digitalen Theaters aus<\/strong><\/p>\n<p><strong>Am Sonntagabend, 16. Mai, geht das 22. internationale figuren.theater.festival Erlangen, N\u00fcrnberg, F\u00fcrth zu Ende. Mehrmals hatten die veranstaltenden St\u00e4dte das Festival neu geplant, zuletzt mussten aufgrund der Inzidenzzahlen Anfang Mai selbst die kontaktarmen und im \u00f6ffentlichen Raum geplanten analogen Sonderformate verschoben werden. Dennoch pr\u00e4sentierte sich das Festival mit rund 90 digitalen Veranstaltungen als vollwertige Ausgabe, deren Qualit\u00e4t vor allem darin bestand, den Fokus auf neue performative Formate zu richten, mit denen auch ein neues, \u00fcberregionales Publikum angesprochen werden konnte.<\/strong><strong>\u00a0<\/strong><\/p>\n<p>Ganz bewusst hatten sich die Veranstalter beim Kuratieren ihres digitalen Programms daf\u00fcr entschieden, weniger klassische B\u00fchnenauff\u00fchrungen per Stream zu \u00fcbertragen, sondern vielmehr experimentelle, in der Regel partizipative Projekte zu programmieren, die explizit f\u00fcr den virtuellen Raum entwickelt wurden. Ziel der Auswahl war es, die gesamte Bandbreite dessen widerzuspiegeln, was an innovativen und kreativen Formaten im Bereich des virtuellen Theaters in den letzten Monaten entwickelt wurde: Telefon-Performances, Zoom-Auff\u00fchrungen, Online-Games, Instagram-Stories, Augmented Reality \u2026 Im Programm vertreten waren unter anderem 600 Highwaymen aus den USA, Ariel Doron aus Israel, florsch\u00fctz &amp; d\u00f6hnert, das fringe ensemble, das platform Tiyatro aus der T\u00fcrkei, Interrobang, Laia RiCa aus El Salvador, Viktoria Maier, Rafi Martin aus Frankreich, onlinetheater.live aus der Schweiz, pulk fiktion, das Quellkollektiv, die Schauburg M\u00fcnchen, Simon Senn aus der Schweiz, das Theater Zwangsvorstellung, Laura Tontsch aus der Schweiz, United Puppets und Oliver Zahn.<\/p>\n<p>Aus der Not, allein auf den virtuellen Raum zur\u00fcckgeworfen zu sein, entwickelte die 22. Ausgabe des internationalen figuren.theater.festivals Erlangen, N\u00fcrnberg, F\u00fcrth die besondere Qualit\u00e4t, Chancen und M\u00f6glichkeiten digitaler Theaterformate intensiv zu reflektieren. In der Gespr\u00e4chsrunde des Instituts f\u00fcr Theater und Medienwissenschaft der Friedrich-Alexander-Universit\u00e4t Erlangen-N\u00fcrnberg \u201eTheater im digitalen Raum \u2013 Wo ist die Auff\u00fchrung?\u201c, moderiert vom Institutsleiter Clemens Risi, pl\u00e4dierte die Theaterwissenschaftlerin und K\u00fcnstlerin Nina Tecklenburg daf\u00fcr, in digitalen Performance-Formaten keinen Ersatz f\u00fcr das \u201eTheater der leiblichen Ko-Pr\u00e4senz\u201c zu sehen, sondern den Auff\u00fchrungsbegriff radikal zu erweitern und die k\u00fcnstlerische Eigenst\u00e4ndigkeit der neuen performativen Formate zu erkennen. \u201eDas, was wir hier machen, ist kein Ersatz, sondern das Eigentliche!\u201c Im Gespr\u00e4ch mit Ariel Doron und Mario Hohmann formulierte sich die Idee, das Theater der Zukunft k\u00f6nnte ein hybrides sein, in dem Digitales und Analoges sich gegenseitig reflektierend verschmelzen. Aus dem zeitgen\u00f6ssischen Figurentheater, das sich schon lange in besonderer Weise den anderen K\u00fcnsten \u00f6ffnet, sind digitale Formate daher k\u00fcnftig nicht mehr wegzudenken.<\/p>\n<p><strong>\u00a0<\/strong>Erg\u00e4nzt wurden die digitalen Theaterformate durch eine Filmreihe des Filmhauses im KunstKulturQuartier, das als Teil seines Programms \u201ekino3\u201c ausgesuchte Animationsfilme, Figurentheater-Dokumentationen und eine exklusive Preview des neuen Hinterhaus-Programms von Matthias Egersd\u00f6rfer als Streams in einem eigens aufgelegten Figurentheater-Abonnement angeboten hat, zahlreiche Online-Gespr\u00e4che und K\u00fcnstler:innenbegegnungen sowie einem digitalen Jungen Forum mit Studierenden aus Stuttgart, Berlin und Erlangen.<\/p>\n<p><strong>\u00a0<\/strong>Weitere 60 urspr\u00fcnglich f\u00fcr den Festivalzeitraum geplante performative Sonderprojekte, Installationen, die einzeln oder in Kleingruppen zug\u00e4nglich sind, performative Eins-zu-Eins Begegnungen und Aktionen im \u00f6ffentlichen Raum sind alle auf der Website <a href=\"http:\/\/www.figurentheaterfestival.de\">www.figurentheaterfestival.de<\/a> einsehbar und sollen im Laufe des Jahres nachgeholt werden. In Erlangen und N\u00fcrnberg wird dies im Laufe der Sommer- und Herbstmonate realisiert werden, F\u00fcrth hat daf\u00fcr bereits ein verl\u00e4ngertes Wochenende vom 23. bis 26. September reserviert. Die Termine werden das ganze Jahr \u00fcber auf der Website des Festivals ver\u00f6ffentlicht.<\/p>\n<p>Das 23. internationale figuren.theater.festival wird vom 12. bis 21. Mai 2023 stattfinden.<\/p>\n<p>Das Programmheft des 22. internationalen figuren.theater.festivals 2021 zum Download: <a href=\"https:\/\/www.figurentheaterfestival.de\/wp-content\/uploads\/2021\/04\/IFTF21_Programmheft.pdf\"><strong>hier<\/strong><\/a><\/p>\n<p>Pressefotos zum Download: <a href=\"https:\/\/www.figurentheaterfestival.de\/pressebilder-2\/\"><strong>hier<\/strong><\/a><\/p>\n<h4 style=\"text-align: left;\"><strong>Informationen \/ Veranstalter<\/strong><\/h4>\n<p style=\"text-align: left;\">E-Mail: <a href=\"&#109;&#x61;&#105;&#x6c;t&#x6f;:&#105;&#x6e;&#102;&#x6f;&#64;&#x66;i&#103;&#x75;&#114;&#x65;n&#x74;h&#101;&#x61;&#116;&#x65;r&#x66;e&#115;&#x74;&#105;&#x76;a&#x6c;&#46;&#100;&#x65;\">&#x69;&#x6e;&#102;&#111;&#64;f&#x69;&#x67;&#x75;&#114;en&#x74;&#x68;&#x65;&#97;&#116;e&#x72;&#x66;&#x65;&#115;&#116;i&#x76;&#x61;&#x6c;&#46;&#100;e<\/a><br \/>\nWebsite: <a href=\"http:\/\/www.figurentheaterfestival.de\">www.figurentheaterfestival.de<\/a><\/p>\n<p style=\"text-align: left;\"><strong>Stadt Erlangen \u2013 Kulturamt<br \/>\n<\/strong>Abteilung Festivals und Programme<br \/>\nBodo Birk<br \/>\nGebbertstr. 1, 91052 Erlangen<br \/>\nTel. +49 (0)9131 86-1408<br \/>\n<a href=\"&#109;&#x61;&#x69;l&#116;&#x6f;:&#105;&#x6e;&#x66;o&#64;&#x66;i&#103;&#x75;&#x72;e&#110;&#x74;h&#101;&#x61;&#x74;&#101;&#114;&#x66;e&#115;&#x74;&#x69;&#118;&#x61;&#x6c;&#46;&#100;&#x65;\">&#105;n&#x66;o&#x40;f&#x69;&#103;&#x75;&#114;&#x65;&#110;t&#x68;e&#x61;t&#x65;&#114;&#x66;&#101;&#x73;&#116;&#x69;&#118;a&#x6c;&#46;&#x64;e<\/a><\/p>\n<p style=\"text-align: left;\"><strong>Stadt N\u00fcrnberg, 2. BM \u2013 GeschB. Kultur<br \/>\n<\/strong>KunstKulturQuartier<br \/>\nMichael Bader<br \/>\nK\u00f6nigstr. 93, 90402 N\u00fcrnberg<br \/>\nTel. +49 (0)911 231-14005<br \/>\n<a href=\"&#109;&#x61;i&#108;&#x74;o&#58;&#x6d;i&#99;&#x68;a&#101;&#x6c;&#46;&#98;&#x61;d&#101;&#x72;&#64;&#115;&#x74;a&#100;&#x74;&#46;&#110;&#x75;e&#114;&#x6e;b&#x65;&#x72;g&#x2e;&#x64;&#101;\">&#109;&#105;&#x63;&#x68;&#97;&#101;&#x6c;&#x2e;&#98;&#97;&#x64;&#x65;&#114;&#64;&#x73;&#x74;&#97;&#100;&#x74;&#x2e;&#110;&#117;&#x65;&#x72;&#110;&#98;&#x65;&#x72;&#103;&#46;&#x64;&#x65;<\/a><\/p>\n<p style=\"text-align: left;\"><strong>Stadt F\u00fcrth \u2013 Kulturamt<br \/>\n<\/strong>K\u00f6nigsplatz 2, 90762 F\u00fcrth<br \/>\nGerti K\u00f6hn<br \/>\nTel. +49 (0)911 974-1688<br \/>\n<a href=\"&#x6d;&#x61;&#105;lt&#x6f;&#x3a;&#107;&#117;l&#x74;&#x75;&#114;&#64;f&#x75;&#x65;&#x72;&#116;h&#46;&#x64;&#x65;\">&#x6b;&#117;&#x6c;&#x74;&#117;&#x72;&#x40;&#102;&#x75;&#x65;&#114;&#x74;&#x68;&#46;&#x64;&#x65;<\/a><\/p>\n<p>&nbsp;<\/p>\n<p><a href=\"#top\">zum Seitenanfang<\/a><\/p>\n<ul class=\"downloads unstyled\"><li style=\"clear:both\"><div style=\"font-size:12px\"><strong>Pressemitteilung 16.05.2021 \u2013 Festivalbilanz \u2013 22. internationales figuren.theater.festival<\/strong><br><small>Gr\u00f6\u00dfe: 110 kB - <a href=\"https:\/\/www.figurentheaterfestival.de\/wp-content\/uploads\/2021\/05\/PMIntFigurenTheaterFestival_210516.pdf\" target=\"_new\">Datei herunterladen<\/a><\/small><\/div><li><li style=\"clear:both\"><div style=\"font-size:12px\"><strong>Pressemitteilung 06.05.2021 \u2013 Festivalstart \u2013 22. internationales figuren.theater.festival<\/strong><br><small>Gr\u00f6\u00dfe: 111 kB - <a href=\"https:\/\/www.figurentheaterfestival.de\/wp-content\/uploads\/2021\/04\/PMIntFigurenTheaterFestival_210506.pdf\" target=\"_new\">Datei herunterladen<\/a><\/small><\/div><li><li style=\"clear:both\"><div style=\"font-size:12px\"><strong>Pressemitteilung 16.04.2021 \u2013 Umfangreiches Digitalprogramm \u2013 22. internationales figuren.theater.festival<\/strong><br><small>Gr\u00f6\u00dfe: 553 kB - <a href=\"https:\/\/www.figurentheaterfestival.de\/wp-content\/uploads\/2021\/04\/PMIntFigurenTheaterFestival_210416.pdf\" target=\"_new\">Datei herunterladen<\/a><\/small><\/div><li><\/ul>","protected":false},"excerpt":{"rendered":"<p>DownloadsPressemitteilung 16.05.2021 \u2013 Festivalbilanz \u2013 22. internationales figuren.theater.festivalPressemitteilung 06.05.2021 \u2013 Festivalstart \u2013 22. internationales figuren.theater.festivalPressemitteilung 16.04.2021 \u2013 Umfangreiches Digitalprogramm \u2013 22. internationales figuren.theater.festivalAuf dieser Seite finden Sie die aktuellen Presseinformationen zum 22. internationalen figuren.theater.festival 2021. Wenn Sie weitere Informationen w\u00fcnschen oder unsere Pressemitteilungen in Zukunft erhalten m\u00f6chten, teilen Sie uns dies bitte per E-Mail an [&hellip;]<\/p>\n","protected":false},"author":3,"featured_media":0,"comment_status":"closed","ping_status":"closed","sticky":false,"template":"","format":"standard","meta":[],"categories":[3],"tags":[],"_links":{"self":[{"href":"https:\/\/www.figurentheaterfestival.de\/wp-json\/wp\/v2\/posts\/5449"}],"collection":[{"href":"https:\/\/www.figurentheaterfestival.de\/wp-json\/wp\/v2\/posts"}],"about":[{"href":"https:\/\/www.figurentheaterfestival.de\/wp-json\/wp\/v2\/types\/post"}],"author":[{"embeddable":true,"href":"https:\/\/www.figurentheaterfestival.de\/wp-json\/wp\/v2\/users\/3"}],"replies":[{"embeddable":true,"href":"https:\/\/www.figurentheaterfestival.de\/wp-json\/wp\/v2\/comments?post=5449"}],"version-history":[{"count":24,"href":"https:\/\/www.figurentheaterfestival.de\/wp-json\/wp\/v2\/posts\/5449\/revisions"}],"predecessor-version":[{"id":10664,"href":"https:\/\/www.figurentheaterfestival.de\/wp-json\/wp\/v2\/posts\/5449\/revisions\/10664"}],"wp:attachment":[{"href":"https:\/\/www.figurentheaterfestival.de\/wp-json\/wp\/v2\/media?parent=5449"}],"wp:term":[{"taxonomy":"category","embeddable":true,"href":"https:\/\/www.figurentheaterfestival.de\/wp-json\/wp\/v2\/categories?post=5449"},{"taxonomy":"post_tag","embeddable":true,"href":"https:\/\/www.figurentheaterfestival.de\/wp-json\/wp\/v2\/tags?post=5449"}],"curies":[{"name":"wp","href":"https:\/\/api.w.org\/{rel}","templated":true}]}}